{"id":739,"date":"2018-05-31T13:49:57","date_gmt":"2018-05-31T13:49:57","guid":{"rendered":"https:\/\/freerohingyacoalition.org\/en\/?p=739"},"modified":"2018-06-06T14:23:25","modified_gmt":"2018-06-06T14:23:25","slug":"iranian-nobel-laureate-urges-trial-of-myanmar-leader","status":"publish","type":"post","link":"https:\/\/freerohingyacoalition.org\/en\/iranian-nobel-laureate-urges-trial-of-myanmar-leader\/","title":{"rendered":"Iranian Nobel laureate urges trial of Myanmar leader"},"content":{"rendered":"<div class=\"lead\">\r\n\r\n<em>In Multi Language Versions:<\/em>\r\n\r\n<strong><a href=\"https:\/\/www.aa.com.tr\/ar\/\u062f\u0648\u0644\u064a\/\u0634\u064a\u0631\u064a\u0646-\u0639\u0628\u0627\u062f\u064a-\u062a\u0633\u062a\u0635\u0631\u062e-\u0627\u0644\u0639\u0627\u0644\u0645-\u0645\u062d\u0643\u0645\u0629-\u062f\u0648\u0644\u064a\u0629-\u0645\u0633\u062a\u0642\u0644\u0629-\u0644\u062d\u0643\u0627\u0645-\u0645\u064a\u0627\u0646\u0645\u0627\u0631\/1161966\">Arabic<\/a><\/strong> | <a href=\"https:\/\/www.aa.com.tr\/tr\/dunya\/rohingyalar-yavaslatilmis-soykirima-maruz-kaliyor\/1161763\"><strong>Turkish<\/strong><\/a> | <a href=\"https:\/\/www.aa.com.tr\/fr\/politique\/france-conf\u00e9rence-internationale-sur-les-rohingyas-\u00e0-paris-vendredi\/1161668\"><strong>French<\/strong><\/a> | <a href=\"https:\/\/www.aa.com.tr\/es\/mundo\/premio-nobel-iran%C3%AD-pide-juicio-a-l%C3%ADder-de-birmania-por-caso-rohiny\u00e1\/1162111\"><strong>Spanish<\/strong><\/a> |\u00a0<a href=\"https:\/\/www.aa.com.tr\/ba\/svijet\/iranska-dobitnica-nobelove-nagrade-tra\u017ei-da-se-liderka-mijanmara-izvede-pred-sud\/1162125\"><strong>Bosnian-Croatian-Serbian<\/strong><\/a> | <a href=\"https:\/\/www.aa.com.tr\/id\/dunia\/peraih-nobel-iran-desak-adili-junta-militer-myanmar\/1162126\"><strong>Indonesian<\/strong><\/a> |\u00a0<a href=\"https:\/\/www.aa.com.tr\/kk\/dinya\/xelk\u00ea-rohingyay\u00ea-rast\u00ee-qirkirin\u00ea-t\u00ean\/1162141\"><strong>Kurdish-Kurmanchi<\/strong><\/a> | <a href=\"https:\/\/www.aa.com.tr\/sq\/bota\/nobelistja-e-shquar-iraniane-k\u00ebrkon-gjykimin-e-udh\u00ebheq\u00ebses-s\u00eb-mianmarit\/1162177\"><strong>Albanian<\/strong><\/a> | <a href=\"https:\/\/www.aa.com.tr\/ru\/\u0437\u0430\u0433\u043e\u043b\u043e\u0432\u043a\u0438-\u0434\u043d\u044f\/\u0433\u0435\u043d\u043e\u0446\u0438\u0434-\u0432-\u043c\u044c\u044f\u043d\u043c\u0435-\u043f\u0440\u043e\u0434\u043e\u043b\u0436\u0430\u0435\u0442\u0441\u044f\/1162295\"><strong>Russian<\/strong><\/a> |\r\n\r\nBy Sena Guler | Published by <a href=\"https:\/\/www.aa.com.tr\/en\/middle-east\/iranian-nobel-laureate-urges-trial-of-myanmar-leader\/1161897\">Anadolu Agency<\/a> on May 31, 2018\r\n\r\n<strong>Shirin Ebadi reminds de facto leader of Myanmar the moral and legal responsibility of Rohingya genocide<\/strong>\r\n<p class=\"selectionShareable\"><strong>ANKARA<\/strong> &#8212;\u00a0Iranian human rights advocate and Nobel laureate Shirin Ebadi on Thursday called for a trial in an international court for Myanmar\u2019s de facto leader and military generals.<\/p>\r\n<p class=\"selectionShareable\">Ebadi said in a statement: \u201cI wish that Aung San Suu Kyi, as the leader of the party in power, and the Myanmar generals are tried in an international and impartial court for the accusations of committing genocide in Myanmar.\u201d<\/p>\r\n<p class=\"selectionShareable\">\u201cThat is the message I will convey to a diverse gathering of French citizens and politicians, international lawyers and rights activists, as well as Rohingya refugees at the Assemble Nationale (French Lower House) in Paris this coming Friday,\u201d she said, referring to an international conference slated for June 1 where Ebadi will deliver a keynote speech.<\/p>\r\n<p class=\"selectionShareable\">Stating that the Rohingya were the world\u2019s largest stateless people, Ebadi said they have been subjected to a \u201cslow genocide\u201d.<\/p>\r\n<p class=\"selectionShareable\">Sharing her experiences when she traveled to the Bangladeshi borders together with other rights activists Mairead Maguire from Northern Ireland and Tawakkol Karman from Yemen, Ebadi said they met 100 Rohingya women and girls who \u201csurvived and\/or witnessed systematic \u2018gang rape by command\u2019\u201d before they could flee Myanmar security forces between August 2017 and March 2018.<\/p>\r\n<p class=\"selectionShareable\">\u201cWe did not fail to take note that the tales of first-hand horrors formed a pattern, even though the victims and witnesses we spoke to were drawn from a diverse geographic and familial backgrounds across Myanmar\u2019s killing fields of Northern Rakhine,\u201d she added.<\/p>\r\n<p class=\"selectionShareable\">Ebadi went on to say that the Myanmar military had \u201cinstitutionalized and popularized\u201d the idea that the indigenous Muslim population living near the border with Bangladesh is \u201cthe greatest threat to national security\u201d, since the early 1960s.<\/p>\r\n\r\n<h3><strong>Islamophobia<\/strong><\/h3>\r\n<p class=\"selectionShareable\">\u201cAung San Suu Kyi [Myanmar\u2019s de facto leader] herself has fallen prey to the Islamophobia,\u201d Ebadi said.<\/p>\r\n<p class=\"selectionShareable\">Suu Kyi presides over a party which \u201ccleansed itself of Muslim representation\u201d and promoted the point of view that \u201cMyanmar military was only defending the country against Muslim \u2018terrorism\u2019,\u201d she added.<\/p>\r\n<p class=\"selectionShareable\">She slammed Suu Kyi for dismissing incidents of sexual violence, such as public stripping of Rohingya women, as \u201cmade-up stories\u201d.<\/p>\r\n<p class=\"selectionShareable\">\u201cThe UN Secretary General\u2019s Special Envoy on sexual violence Primila Patten of Mauritius has also gone public with her exasperation over Suu Kyi\u2019s refusal to engage substantively on the issue of Burmese military\u2019s systematic sexual violence against literally thousands of Rohingya women and girls \u2013 many of whom did not make it to Cox Bazaar\u2019s camps,\u201d Ebadi added.<\/p>\r\n<p class=\"selectionShareable\">She also warned the de facto leader of the country that she should know that \u201cinactivity in the face of genocidal actions can carry moral and legal responsibility\u201d.<\/p>\r\n<p class=\"selectionShareable\">Ebadi recalled the protests she organized in favor of Suu Kyi, when was under house arrest.<\/p>\r\n<p class=\"selectionShareable\">\u201cNow Suu Kyi is in the commanding heights of power. And it astonishes me how someone who has been an activist and subject to tyranny herself for years, now with her silence approves the atrocities that is upon unarmed innocent people.\u201d<\/p>\r\n\r\n<h3><strong>Persecution of Rohingya<\/strong><\/h3>\r\n<p class=\"selectionShareable\">Since Aug. 25, 2017, more than 750,000 refugees, mostly children, and women have fled Myanmar and crossed into Bangladesh after Myanmar forces launched a crackdown on the minority Muslim community, according to Amnesty International.<\/p>\r\n<p class=\"selectionShareable\">At least 9,400 Rohingya were killed in Rakhine from Aug. 25 to Sept. 24 last year, according to Doctors Without Borders.<\/p>\r\n<p class=\"selectionShareable\">In a recent report, the humanitarian group said the deaths of 71.7 percent or 6,700 Rohingya were caused by violence. They include 730 children below the age of 5.<\/p>\r\n<p class=\"selectionShareable\">The Rohingya, described by the UN as the world&#8217;s most persecuted people, have faced heightened fears of attack since dozens were killed in communal violence in 2012.<\/p>\r\n<p class=\"selectionShareable\">The UN documented mass gang rapes, killings &#8212; including of infants and young children &#8212; brutal beatings, and disappearances committed by security personnel.<\/p>\r\n<p class=\"selectionShareable\">In a report, UN investigators said such violations may have constituted crimes against humanity.<\/p>\r\n\r\n<\/div>","protected":false},"excerpt":{"rendered":"<p>In Multi Language Versions: Arabic | Turkish | French | Spanish |\u00a0Bosnian-Croatian-Serbian | Indonesian |\u00a0Kurdish-Kurmanchi | Albanian | Russian | By Sena Guler | Published by Anadolu Agency on May <\/p>\n<div class=\"read-more-text\"><a href=\"https:\/\/freerohingyacoalition.org\/en\/iranian-nobel-laureate-urges-trial-of-myanmar-leader\/\" class=\"read-more\">continue reading<\/a><\/div>\n","protected":false},"author":1,"featured_media":740,"comment_status":"open","ping_status":"closed","sticky":false,"template":"","format":"standard","meta":{"_mbp_gutenberg_autopost":false,"footnotes":""},"categories":[11],"tags":[],"class_list":["post-739","post","type-post","status-publish","format-standard","has-post-thumbnail","hentry","category-in-the-news"],"rise-blocks_total_comments":3,"rise-blocks_categories":[{"term_id":11,"name":"In the News","slug":"in-the-news","term_group":0,"term_taxonomy_id":11,"taxonomy":"category","description":"","parent":0,"count":136,"filter":"raw","cat_ID":11,"category_count":136,"category_description":"","cat_name":"In the News","category_nicename":"in-the-news","category_parent":0}],"rise-blocks_excerpt":"In Multi Language Versions: Arabic | Turkish | French | Spanish |\u00a0Bosnian-Croatian-Serbian | Indonesian |\u00a0Kurdish-Kurmanchi | Albanian | Russian | By Sena Guler | Published by Anadolu Agency on May 31, 2018 Shirin Ebadi reminds de facto leader of Myanmar the moral and legal responsibility of Rohingya genocide ANKARA &#8212;\u00a0Iranian human rights advocate and Nobel laureate Shirin Ebadi on Thursday..","yoast_head":"<!-- This site is optimized with the Yoast SEO plugin v27.5 - https:\/\/yoast.com\/product\/yoast-seo-wordpress\/ -->\n<title>Iranian Nobel laureate urges trial of Myanmar leader - Free Rohingya Coalition (FRC)<\/title>\n<meta name=\"robots\" content=\"index, follow, max-snippet:-1, max-image-preview:large, max-video-preview:-1\" \/>\n<link rel=\"canonical\" href=\"https:\/\/freerohingyacoalition.org\/en\/iranian-nobel-laureate-urges-trial-of-myanmar-leader\/\" \/>\n<meta property=\"og:locale\" content=\"en_US\" \/>\n<meta property=\"og:type\" content=\"article\" \/>\n<meta property=\"og:title\" content=\"Iranian Nobel laureate urges trial of Myanmar leader - Free Rohingya Coalition (FRC)\" \/>\n<meta property=\"og:description\" content=\"In Multi Language Versions: Arabic | Turkish | French | Spanish |\u00a0Bosnian-Croatian-Serbian | Indonesian |\u00a0Kurdish-Kurmanchi | Albanian | Russian | By Sena Guler | Published by Anadolu Agency on May continue reading\" \/>\n<meta property=\"og:url\" content=\"https:\/\/freerohingyacoalition.org\/en\/iranian-nobel-laureate-urges-trial-of-myanmar-leader\/\" \/>\n<meta property=\"og:site_name\" content=\"Free Rohingya Coalition (FRC)\" \/>\n<meta property=\"article:publisher\" content=\"https:\/\/facebook.com\/FreeRohingyaCoalition\" \/>\n<meta property=\"article:published_time\" content=\"2018-05-31T13:49:57+00:00\" \/>\n<meta property=\"article:modified_time\" content=\"2018-06-06T14:23:25+00:00\" \/>\n<meta property=\"og:image\" content=\"https:\/\/freerohingyacoalition.org\/en\/wp-content\/uploads\/2018\/06\/thumbs_b_c_4caa5db202caa883d1ad6a30a2af0af1.jpg\" \/>\n\t<meta property=\"og:image:width\" content=\"863\" \/>\n\t<meta property=\"og:image:height\" content=\"486\" \/>\n\t<meta property=\"og:image:type\" content=\"image\/jpeg\" \/>\n<meta name=\"author\" content=\"FRC Webmaster\" \/>\n<meta name=\"twitter:card\" content=\"summary_large_image\" \/>\n<meta name=\"twitter:creator\" content=\"@FreeRoCoalition\" \/>\n<meta name=\"twitter:site\" content=\"@FreeRoCoalition\" \/>\n<meta name=\"twitter:label1\" content=\"Written by\" \/>\n\t<meta name=\"twitter:data1\" content=\"FRC Webmaster\" \/>\n\t<meta name=\"twitter:label2\" content=\"Est. reading time\" \/>\n\t<meta name=\"twitter:data2\" content=\"3 minutes\" \/>\n<script type=\"application\/ld+json\" class=\"yoast-schema-graph\">{\"@context\":\"https:\\\/\\\/schema.org\",\"@graph\":[{\"@type\":\"Article\",\"@id\":\"https:\\\/\\\/freerohingyacoalition.org\\\/en\\\/iranian-nobel-laureate-urges-trial-of-myanmar-leader\\\/#article\",\"isPartOf\":{\"@id\":\"https:\\\/\\\/freerohingyacoalition.org\\\/en\\\/iranian-nobel-laureate-urges-trial-of-myanmar-leader\\\/\"},\"author\":{\"name\":\"FRC Webmaster\",\"@id\":\"https:\\\/\\\/freerohingyacoalition.org\\\/en\\\/#\\\/schema\\\/person\\\/c26c6c7033bd12469197f642cac8f265\"},\"headline\":\"Iranian Nobel laureate urges trial of Myanmar leader\",\"datePublished\":\"2018-05-31T13:49:57+00:00\",\"dateModified\":\"2018-06-06T14:23:25+00:00\",\"mainEntityOfPage\":{\"@id\":\"https:\\\/\\\/freerohingyacoalition.org\\\/en\\\/iranian-nobel-laureate-urges-trial-of-myanmar-leader\\\/\"},\"wordCount\":683,\"commentCount\":0,\"publisher\":{\"@id\":\"https:\\\/\\\/freerohingyacoalition.org\\\/en\\\/#organization\"},\"image\":{\"@id\":\"https:\\\/\\\/freerohingyacoalition.org\\\/en\\\/iranian-nobel-laureate-urges-trial-of-myanmar-leader\\\/#primaryimage\"},\"thumbnailUrl\":\"https:\\\/\\\/freerohingyacoalition.org\\\/en\\\/wp-content\\\/uploads\\\/2018\\\/06\\\/thumbs_b_c_4caa5db202caa883d1ad6a30a2af0af1.jpg\",\"articleSection\":[\"In the News\"],\"inLanguage\":\"en-US\",\"potentialAction\":[{\"@type\":\"CommentAction\",\"name\":\"Comment\",\"target\":[\"https:\\\/\\\/freerohingyacoalition.org\\\/en\\\/iranian-nobel-laureate-urges-trial-of-myanmar-leader\\\/#respond\"]}]},{\"@type\":\"WebPage\",\"@id\":\"https:\\\/\\\/freerohingyacoalition.org\\\/en\\\/iranian-nobel-laureate-urges-trial-of-myanmar-leader\\\/\",\"url\":\"https:\\\/\\\/freerohingyacoalition.org\\\/en\\\/iranian-nobel-laureate-urges-trial-of-myanmar-leader\\\/\",\"name\":\"Iranian Nobel laureate urges trial of Myanmar leader - Free Rohingya Coalition (FRC)\",\"isPartOf\":{\"@id\":\"https:\\\/\\\/freerohingyacoalition.org\\\/en\\\/#website\"},\"primaryImageOfPage\":{\"@id\":\"https:\\\/\\\/freerohingyacoalition.org\\\/en\\\/iranian-nobel-laureate-urges-trial-of-myanmar-leader\\\/#primaryimage\"},\"image\":{\"@id\":\"https:\\\/\\\/freerohingyacoalition.org\\\/en\\\/iranian-nobel-laureate-urges-trial-of-myanmar-leader\\\/#primaryimage\"},\"thumbnailUrl\":\"https:\\\/\\\/freerohingyacoalition.org\\\/en\\\/wp-content\\\/uploads\\\/2018\\\/06\\\/thumbs_b_c_4caa5db202caa883d1ad6a30a2af0af1.jpg\",\"datePublished\":\"2018-05-31T13:49:57+00:00\",\"dateModified\":\"2018-06-06T14:23:25+00:00\",\"breadcrumb\":{\"@id\":\"https:\\\/\\\/freerohingyacoalition.org\\\/en\\\/iranian-nobel-laureate-urges-trial-of-myanmar-leader\\\/#breadcrumb\"},\"inLanguage\":\"en-US\",\"potentialAction\":[{\"@type\":\"ReadAction\",\"target\":[\"https:\\\/\\\/freerohingyacoalition.org\\\/en\\\/iranian-nobel-laureate-urges-trial-of-myanmar-leader\\\/\"]}]},{\"@type\":\"ImageObject\",\"inLanguage\":\"en-US\",\"@id\":\"https:\\\/\\\/freerohingyacoalition.org\\\/en\\\/iranian-nobel-laureate-urges-trial-of-myanmar-leader\\\/#primaryimage\",\"url\":\"https:\\\/\\\/freerohingyacoalition.org\\\/en\\\/wp-content\\\/uploads\\\/2018\\\/06\\\/thumbs_b_c_4caa5db202caa883d1ad6a30a2af0af1.jpg\",\"contentUrl\":\"https:\\\/\\\/freerohingyacoalition.org\\\/en\\\/wp-content\\\/uploads\\\/2018\\\/06\\\/thumbs_b_c_4caa5db202caa883d1ad6a30a2af0af1.jpg\",\"width\":863,\"height\":486},{\"@type\":\"BreadcrumbList\",\"@id\":\"https:\\\/\\\/freerohingyacoalition.org\\\/en\\\/iranian-nobel-laureate-urges-trial-of-myanmar-leader\\\/#breadcrumb\",\"itemListElement\":[{\"@type\":\"ListItem\",\"position\":1,\"name\":\"Home\",\"item\":\"https:\\\/\\\/freerohingyacoalition.org\\\/en\\\/\"},{\"@type\":\"ListItem\",\"position\":2,\"name\":\"Iranian Nobel laureate urges trial of Myanmar leader\"}]},{\"@type\":\"WebSite\",\"@id\":\"https:\\\/\\\/freerohingyacoalition.org\\\/en\\\/#website\",\"url\":\"https:\\\/\\\/freerohingyacoalition.org\\\/en\\\/\",\"name\":\"Free Rohingya Coalition (FRC)\",\"description\":\"Free Rohingya Coalition (FRC) is an umbrella network of Rohingya refugees, their leading spokespersons, and international friends working together to end Myanmar genocide and build a viable future for the survivors of state-directed persecution.\",\"publisher\":{\"@id\":\"https:\\\/\\\/freerohingyacoalition.org\\\/en\\\/#organization\"},\"potentialAction\":[{\"@type\":\"SearchAction\",\"target\":{\"@type\":\"EntryPoint\",\"urlTemplate\":\"https:\\\/\\\/freerohingyacoalition.org\\\/en\\\/?s={search_term_string}\"},\"query-input\":{\"@type\":\"PropertyValueSpecification\",\"valueRequired\":true,\"valueName\":\"search_term_string\"}}],\"inLanguage\":\"en-US\"},{\"@type\":\"Organization\",\"@id\":\"https:\\\/\\\/freerohingyacoalition.org\\\/en\\\/#organization\",\"name\":\"Free Rohingya Coalition\",\"url\":\"https:\\\/\\\/freerohingyacoalition.org\\\/en\\\/\",\"logo\":{\"@type\":\"ImageObject\",\"inLanguage\":\"en-US\",\"@id\":\"https:\\\/\\\/freerohingyacoalition.org\\\/en\\\/#\\\/schema\\\/logo\\\/image\\\/\",\"url\":\"https:\\\/\\\/freerohingyacoalition.org\\\/en\\\/wp-content\\\/uploads\\\/2020\\\/06\\\/FRC-Logo-1024.png\",\"contentUrl\":\"https:\\\/\\\/freerohingyacoalition.org\\\/en\\\/wp-content\\\/uploads\\\/2020\\\/06\\\/FRC-Logo-1024.png\",\"width\":1024,\"height\":1024,\"caption\":\"Free Rohingya Coalition\"},\"image\":{\"@id\":\"https:\\\/\\\/freerohingyacoalition.org\\\/en\\\/#\\\/schema\\\/logo\\\/image\\\/\"},\"sameAs\":[\"https:\\\/\\\/facebook.com\\\/FreeRohingyaCoalition\",\"https:\\\/\\\/x.com\\\/FreeRoCoalition\",\"https:\\\/\\\/instagram.com\\\/FreeRohingyaCoalition\",\"https:\\\/\\\/www.linkedin.com\\\/company\\\/FreeRohingyaCoalition\",\"https:\\\/\\\/www.youtube.com\\\/channel\\\/UCS5aiihsQegOXNu6G8dr56A\"]},{\"@type\":\"Person\",\"@id\":\"https:\\\/\\\/freerohingyacoalition.org\\\/en\\\/#\\\/schema\\\/person\\\/c26c6c7033bd12469197f642cac8f265\",\"name\":\"FRC Webmaster\",\"image\":{\"@type\":\"ImageObject\",\"inLanguage\":\"en-US\",\"@id\":\"https:\\\/\\\/secure.gravatar.com\\\/avatar\\\/b5a4db188320f07432b694b63ed460f5fbff6507b7fe51dc64a377bb0335c8d5?s=96&d=mm&r=g\",\"url\":\"https:\\\/\\\/secure.gravatar.com\\\/avatar\\\/b5a4db188320f07432b694b63ed460f5fbff6507b7fe51dc64a377bb0335c8d5?s=96&d=mm&r=g\",\"contentUrl\":\"https:\\\/\\\/secure.gravatar.com\\\/avatar\\\/b5a4db188320f07432b694b63ed460f5fbff6507b7fe51dc64a377bb0335c8d5?s=96&d=mm&r=g\",\"caption\":\"FRC Webmaster\"},\"url\":\"https:\\\/\\\/freerohingyacoalition.org\\\/en\\\/author\\\/frcadmin\\\/\"}]}<\/script>\n<!-- \/ Yoast SEO plugin. -->","yoast_head_json":{"title":"Iranian Nobel laureate urges trial of Myanmar leader - Free Rohingya Coalition (FRC)","robots":{"index":"index","follow":"follow","max-snippet":"max-snippet:-1","max-image-preview":"max-image-preview:large","max-video-preview":"max-video-preview:-1"},"canonical":"https:\/\/freerohingyacoalition.org\/en\/iranian-nobel-laureate-urges-trial-of-myanmar-leader\/","og_locale":"en_US","og_type":"article","og_title":"Iranian Nobel laureate urges trial of Myanmar leader - Free Rohingya Coalition (FRC)","og_description":"In Multi Language Versions: Arabic | Turkish | French | Spanish |\u00a0Bosnian-Croatian-Serbian | Indonesian |\u00a0Kurdish-Kurmanchi | Albanian | Russian | By Sena Guler | Published by Anadolu Agency on May continue reading","og_url":"https:\/\/freerohingyacoalition.org\/en\/iranian-nobel-laureate-urges-trial-of-myanmar-leader\/","og_site_name":"Free Rohingya Coalition (FRC)","article_publisher":"https:\/\/facebook.com\/FreeRohingyaCoalition","article_published_time":"2018-05-31T13:49:57+00:00","article_modified_time":"2018-06-06T14:23:25+00:00","og_image":[{"width":863,"height":486,"url":"https:\/\/freerohingyacoalition.org\/en\/wp-content\/uploads\/2018\/06\/thumbs_b_c_4caa5db202caa883d1ad6a30a2af0af1.jpg","type":"image\/jpeg"}],"author":"FRC Webmaster","twitter_card":"summary_large_image","twitter_creator":"@FreeRoCoalition","twitter_site":"@FreeRoCoalition","twitter_misc":{"Written by":"FRC Webmaster","Est. reading time":"3 minutes"},"schema":{"@context":"https:\/\/schema.org","@graph":[{"@type":"Article","@id":"https:\/\/freerohingyacoalition.org\/en\/iranian-nobel-laureate-urges-trial-of-myanmar-leader\/#article","isPartOf":{"@id":"https:\/\/freerohingyacoalition.org\/en\/iranian-nobel-laureate-urges-trial-of-myanmar-leader\/"},"author":{"name":"FRC Webmaster","@id":"https:\/\/freerohingyacoalition.org\/en\/#\/schema\/person\/c26c6c7033bd12469197f642cac8f265"},"headline":"Iranian Nobel laureate urges trial of Myanmar leader","datePublished":"2018-05-31T13:49:57+00:00","dateModified":"2018-06-06T14:23:25+00:00","mainEntityOfPage":{"@id":"https:\/\/freerohingyacoalition.org\/en\/iranian-nobel-laureate-urges-trial-of-myanmar-leader\/"},"wordCount":683,"commentCount":0,"publisher":{"@id":"https:\/\/freerohingyacoalition.org\/en\/#organization"},"image":{"@id":"https:\/\/freerohingyacoalition.org\/en\/iranian-nobel-laureate-urges-trial-of-myanmar-leader\/#primaryimage"},"thumbnailUrl":"https:\/\/freerohingyacoalition.org\/en\/wp-content\/uploads\/2018\/06\/thumbs_b_c_4caa5db202caa883d1ad6a30a2af0af1.jpg","articleSection":["In the News"],"inLanguage":"en-US","potentialAction":[{"@type":"CommentAction","name":"Comment","target":["https:\/\/freerohingyacoalition.org\/en\/iranian-nobel-laureate-urges-trial-of-myanmar-leader\/#respond"]}]},{"@type":"WebPage","@id":"https:\/\/freerohingyacoalition.org\/en\/iranian-nobel-laureate-urges-trial-of-myanmar-leader\/","url":"https:\/\/freerohingyacoalition.org\/en\/iranian-nobel-laureate-urges-trial-of-myanmar-leader\/","name":"Iranian Nobel laureate urges trial of Myanmar leader - Free Rohingya Coalition (FRC)","isPartOf":{"@id":"https:\/\/freerohingyacoalition.org\/en\/#website"},"primaryImageOfPage":{"@id":"https:\/\/freerohingyacoalition.org\/en\/iranian-nobel-laureate-urges-trial-of-myanmar-leader\/#primaryimage"},"image":{"@id":"https:\/\/freerohingyacoalition.org\/en\/iranian-nobel-laureate-urges-trial-of-myanmar-leader\/#primaryimage"},"thumbnailUrl":"https:\/\/freerohingyacoalition.org\/en\/wp-content\/uploads\/2018\/06\/thumbs_b_c_4caa5db202caa883d1ad6a30a2af0af1.jpg","datePublished":"2018-05-31T13:49:57+00:00","dateModified":"2018-06-06T14:23:25+00:00","breadcrumb":{"@id":"https:\/\/freerohingyacoalition.org\/en\/iranian-nobel-laureate-urges-trial-of-myanmar-leader\/#breadcrumb"},"inLanguage":"en-US","potentialAction":[{"@type":"ReadAction","target":["https:\/\/freerohingyacoalition.org\/en\/iranian-nobel-laureate-urges-trial-of-myanmar-leader\/"]}]},{"@type":"ImageObject","inLanguage":"en-US","@id":"https:\/\/freerohingyacoalition.org\/en\/iranian-nobel-laureate-urges-trial-of-myanmar-leader\/#primaryimage","url":"https:\/\/freerohingyacoalition.org\/en\/wp-content\/uploads\/2018\/06\/thumbs_b_c_4caa5db202caa883d1ad6a30a2af0af1.jpg","contentUrl":"https:\/\/freerohingyacoalition.org\/en\/wp-content\/uploads\/2018\/06\/thumbs_b_c_4caa5db202caa883d1ad6a30a2af0af1.jpg","width":863,"height":486},{"@type":"BreadcrumbList","@id":"https:\/\/freerohingyacoalition.org\/en\/iranian-nobel-laureate-urges-trial-of-myanmar-leader\/#breadcrumb","itemListElement":[{"@type":"ListItem","position":1,"name":"Home","item":"https:\/\/freerohingyacoalition.org\/en\/"},{"@type":"ListItem","position":2,"name":"Iranian Nobel laureate urges trial of Myanmar leader"}]},{"@type":"WebSite","@id":"https:\/\/freerohingyacoalition.org\/en\/#website","url":"https:\/\/freerohingyacoalition.org\/en\/","name":"Free Rohingya Coalition (FRC)","description":"Free Rohingya Coalition (FRC) is an umbrella network of Rohingya refugees, their leading spokespersons, and international friends working together to end Myanmar genocide and build a viable future for the survivors of state-directed persecution.","publisher":{"@id":"https:\/\/freerohingyacoalition.org\/en\/#organization"},"potentialAction":[{"@type":"SearchAction","target":{"@type":"EntryPoint","urlTemplate":"https:\/\/freerohingyacoalition.org\/en\/?s={search_term_string}"},"query-input":{"@type":"PropertyValueSpecification","valueRequired":true,"valueName":"search_term_string"}}],"inLanguage":"en-US"},{"@type":"Organization","@id":"https:\/\/freerohingyacoalition.org\/en\/#organization","name":"Free Rohingya Coalition","url":"https:\/\/freerohingyacoalition.org\/en\/","logo":{"@type":"ImageObject","inLanguage":"en-US","@id":"https:\/\/freerohingyacoalition.org\/en\/#\/schema\/logo\/image\/","url":"https:\/\/freerohingyacoalition.org\/en\/wp-content\/uploads\/2020\/06\/FRC-Logo-1024.png","contentUrl":"https:\/\/freerohingyacoalition.org\/en\/wp-content\/uploads\/2020\/06\/FRC-Logo-1024.png","width":1024,"height":1024,"caption":"Free Rohingya Coalition"},"image":{"@id":"https:\/\/freerohingyacoalition.org\/en\/#\/schema\/logo\/image\/"},"sameAs":["https:\/\/facebook.com\/FreeRohingyaCoalition","https:\/\/x.com\/FreeRoCoalition","https:\/\/instagram.com\/FreeRohingyaCoalition","https:\/\/www.linkedin.com\/company\/FreeRohingyaCoalition","https:\/\/www.youtube.com\/channel\/UCS5aiihsQegOXNu6G8dr56A"]},{"@type":"Person","@id":"https:\/\/freerohingyacoalition.org\/en\/#\/schema\/person\/c26c6c7033bd12469197f642cac8f265","name":"FRC Webmaster","image":{"@type":"ImageObject","inLanguage":"en-US","@id":"https:\/\/secure.gravatar.com\/avatar\/b5a4db188320f07432b694b63ed460f5fbff6507b7fe51dc64a377bb0335c8d5?s=96&d=mm&r=g","url":"https:\/\/secure.gravatar.com\/avatar\/b5a4db188320f07432b694b63ed460f5fbff6507b7fe51dc64a377bb0335c8d5?s=96&d=mm&r=g","contentUrl":"https:\/\/secure.gravatar.com\/avatar\/b5a4db188320f07432b694b63ed460f5fbff6507b7fe51dc64a377bb0335c8d5?s=96&d=mm&r=g","caption":"FRC Webmaster"},"url":"https:\/\/freerohingyacoalition.org\/en\/author\/frcadmin\/"}]}},"_links":{"self":[{"href":"https:\/\/freerohingyacoalition.org\/en\/wp-json\/wp\/v2\/posts\/739","targetHints":{"allow":["GET"]}}],"collection":[{"href":"https:\/\/freerohingyacoalition.org\/en\/wp-json\/wp\/v2\/posts"}],"about":[{"href":"https:\/\/freerohingyacoalition.org\/en\/wp-json\/wp\/v2\/types\/post"}],"author":[{"embeddable":true,"href":"https:\/\/freerohingyacoalition.org\/en\/wp-json\/wp\/v2\/users\/1"}],"replies":[{"embeddable":true,"href":"https:\/\/freerohingyacoalition.org\/en\/wp-json\/wp\/v2\/comments?post=739"}],"version-history":[{"count":3,"href":"https:\/\/freerohingyacoalition.org\/en\/wp-json\/wp\/v2\/posts\/739\/revisions"}],"predecessor-version":[{"id":743,"href":"https:\/\/freerohingyacoalition.org\/en\/wp-json\/wp\/v2\/posts\/739\/revisions\/743"}],"wp:featuredmedia":[{"embeddable":true,"href":"https:\/\/freerohingyacoalition.org\/en\/wp-json\/wp\/v2\/media\/740"}],"wp:attachment":[{"href":"https:\/\/freerohingyacoalition.org\/en\/wp-json\/wp\/v2\/media?parent=739"}],"wp:term":[{"taxonomy":"category","embeddable":true,"href":"https:\/\/freerohingyacoalition.org\/en\/wp-json\/wp\/v2\/categories?post=739"},{"taxonomy":"post_tag","embeddable":true,"href":"https:\/\/freerohingyacoalition.org\/en\/wp-json\/wp\/v2\/tags?post=739"}],"curies":[{"name":"wp","href":"https:\/\/api.w.org\/{rel}","templated":true}]}}