{"id":1083,"date":"2018-09-06T20:25:11","date_gmt":"2018-09-06T20:25:11","guid":{"rendered":"https:\/\/freerohingyacoalition.org\/en\/?p=1083"},"modified":"2018-09-06T20:25:11","modified_gmt":"2018-09-06T20:25:11","slug":"icc-pre-trial-chamber-i-rules-that-the-court-may-exercise-jurisdiction-over-the-alleged-deportation-of-the-rohingya-people-from-myanmar-to-bangladesh","status":"publish","type":"post","link":"https:\/\/freerohingyacoalition.org\/en\/icc-pre-trial-chamber-i-rules-that-the-court-may-exercise-jurisdiction-over-the-alleged-deportation-of-the-rohingya-people-from-myanmar-to-bangladesh\/","title":{"rendered":"ICC Pre-Trial Chamber I rules that the Court may exercise jurisdiction over the alleged deportation of the Rohingya people from Myanmar to Bangladesh"},"content":{"rendered":"Published by <a href=\"https:\/\/www.icc-cpi.int\/Pages\/item.aspx?name=pr1403\">International Criminal Court<\/a> on September 6, 2018\r\n\r\nToday, 6 September 2018, Pre-Trial Chamber I (the &#8220;Chamber&#8221;) of the International Criminal Court (&#8220;ICC&#8221; or the &#8220;Court&#8221;), composed of Judge P\u00e9ter Kov\u00e1cs, Judge Marc Perrin de Brichambaut and Judge Reine Ad\u00e9la\u00efde Sophie Alapini-Gansou, decided by majority that the Court may exercise jurisdiction over the alleged deportation of the Rohingya people from Myanmar to Bangladesh.\r\n\r\nThis ruling was delivered following a request submitted by the Prosecutor pursuant to article 19(3) of the Statute, who argued that, although the coercive acts underlying the alleged deportation of members of the Rohingya people occurred on the territory of Myanmar (which is a State not party to the Statute), the Court may nonetheless exercise its jurisdiction, since an element of this crime (the crossing of a border) occurred on the territory of Bangladesh (which is a State party to the Statute).\r\n\r\nThe Chamber found that it has the power to entertain the Prosecutor&#8217;s request under article 119(1) of the ICC Rome Statute (the &#8220;Statute&#8221;), as well as pursuant to the principle of <em>la comp\u00e9tence de la comp\u00e9tence<\/em> or <em>Kompetenz\u2011Kompetenz<\/em> \u2013 a well-established principle of international law according to which any international tribunal has the power to determine the extent of its own jurisdiction.\r\n\r\nFurthermore, in light of the fact that Myanmar is not a party to the Statute, the Chamber noted that, while the Court has objective international legal personality, its jurisdiction must still be determined in accordance with the confines of the Statute.\r\n\r\nIn relation to the central question contained in the Prosecutor&#8217;s request, the Chamber decided, first, that article 7(1)(d) of the Statute contains two separate crimes (namely forcible transfer and deportation) and, second, that the Court may exercise its jurisdiction if either an element of a crime mentioned in article 5 of the Statute or part of such a crime is committed on the territory of a State that is party to the Statute under article 12(2)(a) of the Statute.\r\n\r\nThe Chamber ruled on this basis that the Court has jurisdiction over the crime against humanity of deportation allegedly committed against members of the Rohingya people. The reason is that an element of this crime (the crossing of a border) took place on the territory of a State party to the Statute (Bangladesh). The&nbsp;Chamber further found that the Court may also exercise its jurisdiction with regard to any other crime set out in article 5 of the Statute, such as the crimes against humanity of persecution and\/or other inhumane acts.\r\n\r\nThe Prosecutor must take the legally binding ruling of the Chamber into account as she continues with her preliminary examination concerning the crimes allegedly committed against the Rohingya people. In this respect, the Chamber determined that such a preliminary examination must be concluded within a reasonable time.\r\n\r\nJudge Perrin de Brichambaut appended a partially dissenting opinion to the decision solely based on procedural grounds. Judge Perrin de Brichambaut is of the view that articles 19(3) and 119(1) of the Statute are inapplicable and that the principle of <em>la comp\u00e9tence de la comp\u00e9tence <\/em>cannot serve as an alternative basis for the Chamber to provide a ruling. According to Judge Perrin de Brichambaut, rendering the ruling requested by the Prosecutor would amount to an advisory opinion, which the Court is not allowed to do. For these reasons, Judge Perrin de Brichambaut believes that the Court cannot rule on its jurisdiction in relation to the alleged deportation of members of the Rohingya people from Myanmar to Bangladesh at this stage, but that it remains open to the Prosecutor to present a request for authorisation of an investigation to a Pre-Trial Chamber under article 15 of the Statute.\r\n\r\n<a href=\"https:\/\/www.icc-cpi.int\/Pages\/record.aspx?docNo=ICC-RoC46(3)-01\/18-37\"><strong>Decision on the &#8220;Prosecution&#8217;s Request for a Ruling on Jurisdiction under Article 19(3) of the Statute&#8221; &amp; PARTIALLY DISSENTING OPINION OF JUDGE MARC PERRIN DE BRICHAMBAUT<\/strong><\/a>","protected":false},"excerpt":{"rendered":"<p>Published by International Criminal Court on September 6, 2018 Today, 6 September 2018, Pre-Trial Chamber I (the &#8220;Chamber&#8221;) of the International Criminal Court (&#8220;ICC&#8221; or the &#8220;Court&#8221;), composed of Judge <\/p>\n<div class=\"read-more-text\"><a href=\"https:\/\/freerohingyacoalition.org\/en\/icc-pre-trial-chamber-i-rules-that-the-court-may-exercise-jurisdiction-over-the-alleged-deportation-of-the-rohingya-people-from-myanmar-to-bangladesh\/\" class=\"read-more\">continue reading<\/a><\/div>\n","protected":false},"author":1,"featured_media":1084,"comment_status":"open","ping_status":"closed","sticky":false,"template":"","format":"standard","meta":{"_mbp_gutenberg_autopost":false,"footnotes":""},"categories":[1],"tags":[],"class_list":["post-1083","post","type-post","status-publish","format-standard","has-post-thumbnail","hentry","category-uncategorized"],"rise-blocks_total_comments":4,"rise-blocks_categories":[{"term_id":1,"name":"Uncategorized","slug":"uncategorized","term_group":0,"term_taxonomy_id":1,"taxonomy":"category","description":"","parent":0,"count":4,"filter":"raw","cat_ID":1,"category_count":4,"category_description":"","cat_name":"Uncategorized","category_nicename":"uncategorized","category_parent":0}],"rise-blocks_excerpt":"Published by International Criminal Court on September 6, 2018 Today, 6 September 2018, Pre-Trial Chamber I (the &#8220;Chamber&#8221;) of the International Criminal Court (&#8220;ICC&#8221; or the &#8220;Court&#8221;), composed of Judge P\u00e9ter Kov\u00e1cs, Judge Marc Perrin de Brichambaut and Judge Reine Ad\u00e9la\u00efde Sophie Alapini-Gansou, decided by majority that the Court may exercise jurisdiction over the alleged deportation of the Rohingya people..","yoast_head":"<!-- This site is optimized with the Yoast SEO plugin v27.5 - https:\/\/yoast.com\/product\/yoast-seo-wordpress\/ -->\n<title>ICC Pre-Trial Chamber I rules that the Court may exercise jurisdiction over the alleged deportation of the Rohingya people from Myanmar to Bangladesh - Free Rohingya Coalition (FRC)<\/title>\n<meta name=\"robots\" content=\"index, follow, max-snippet:-1, max-image-preview:large, max-video-preview:-1\" \/>\n<link rel=\"canonical\" href=\"https:\/\/freerohingyacoalition.org\/en\/icc-pre-trial-chamber-i-rules-that-the-court-may-exercise-jurisdiction-over-the-alleged-deportation-of-the-rohingya-people-from-myanmar-to-bangladesh\/\" \/>\n<meta property=\"og:locale\" content=\"en_US\" \/>\n<meta property=\"og:type\" content=\"article\" \/>\n<meta property=\"og:title\" content=\"ICC Pre-Trial Chamber I rules that the Court may exercise jurisdiction over the alleged deportation of the Rohingya people from Myanmar to Bangladesh - Free Rohingya Coalition (FRC)\" \/>\n<meta property=\"og:description\" content=\"Published by International Criminal Court on September 6, 2018 Today, 6 September 2018, Pre-Trial Chamber I (the &#8220;Chamber&#8221;) of the International Criminal Court (&#8220;ICC&#8221; or the &#8220;Court&#8221;), composed of Judge continue reading\" \/>\n<meta property=\"og:url\" content=\"https:\/\/freerohingyacoalition.org\/en\/icc-pre-trial-chamber-i-rules-that-the-court-may-exercise-jurisdiction-over-the-alleged-deportation-of-the-rohingya-people-from-myanmar-to-bangladesh\/\" \/>\n<meta property=\"og:site_name\" content=\"Free Rohingya Coalition (FRC)\" \/>\n<meta property=\"article:publisher\" content=\"https:\/\/facebook.com\/FreeRohingyaCoalition\" \/>\n<meta property=\"article:published_time\" content=\"2018-09-06T20:25:11+00:00\" \/>\n<meta property=\"og:image\" content=\"https:\/\/freerohingyacoalition.org\/en\/wp-content\/uploads\/2018\/09\/pr1375.jpg\" \/>\n\t<meta property=\"og:image:width\" content=\"960\" \/>\n\t<meta property=\"og:image:height\" content=\"489\" \/>\n\t<meta property=\"og:image:type\" content=\"image\/jpeg\" \/>\n<meta name=\"author\" content=\"FRC Webmaster\" \/>\n<meta name=\"twitter:card\" content=\"summary_large_image\" \/>\n<meta name=\"twitter:creator\" content=\"@FreeRoCoalition\" \/>\n<meta name=\"twitter:site\" content=\"@FreeRoCoalition\" \/>\n<meta name=\"twitter:label1\" content=\"Written by\" \/>\n\t<meta name=\"twitter:data1\" content=\"FRC Webmaster\" \/>\n\t<meta name=\"twitter:label2\" content=\"Est. reading time\" \/>\n\t<meta name=\"twitter:data2\" content=\"3 minutes\" \/>\n<script type=\"application\/ld+json\" class=\"yoast-schema-graph\">{\"@context\":\"https:\\\/\\\/schema.org\",\"@graph\":[{\"@type\":\"Article\",\"@id\":\"https:\\\/\\\/freerohingyacoalition.org\\\/en\\\/icc-pre-trial-chamber-i-rules-that-the-court-may-exercise-jurisdiction-over-the-alleged-deportation-of-the-rohingya-people-from-myanmar-to-bangladesh\\\/#article\",\"isPartOf\":{\"@id\":\"https:\\\/\\\/freerohingyacoalition.org\\\/en\\\/icc-pre-trial-chamber-i-rules-that-the-court-may-exercise-jurisdiction-over-the-alleged-deportation-of-the-rohingya-people-from-myanmar-to-bangladesh\\\/\"},\"author\":{\"name\":\"FRC Webmaster\",\"@id\":\"https:\\\/\\\/freerohingyacoalition.org\\\/en\\\/#\\\/schema\\\/person\\\/c26c6c7033bd12469197f642cac8f265\"},\"headline\":\"ICC Pre-Trial Chamber I rules that the Court may exercise jurisdiction over the alleged deportation of the Rohingya people from Myanmar to Bangladesh\",\"datePublished\":\"2018-09-06T20:25:11+00:00\",\"mainEntityOfPage\":{\"@id\":\"https:\\\/\\\/freerohingyacoalition.org\\\/en\\\/icc-pre-trial-chamber-i-rules-that-the-court-may-exercise-jurisdiction-over-the-alleged-deportation-of-the-rohingya-people-from-myanmar-to-bangladesh\\\/\"},\"wordCount\":660,\"commentCount\":0,\"publisher\":{\"@id\":\"https:\\\/\\\/freerohingyacoalition.org\\\/en\\\/#organization\"},\"image\":{\"@id\":\"https:\\\/\\\/freerohingyacoalition.org\\\/en\\\/icc-pre-trial-chamber-i-rules-that-the-court-may-exercise-jurisdiction-over-the-alleged-deportation-of-the-rohingya-people-from-myanmar-to-bangladesh\\\/#primaryimage\"},\"thumbnailUrl\":\"https:\\\/\\\/freerohingyacoalition.org\\\/en\\\/wp-content\\\/uploads\\\/2018\\\/09\\\/pr1375.jpg\",\"inLanguage\":\"en-US\",\"potentialAction\":[{\"@type\":\"CommentAction\",\"name\":\"Comment\",\"target\":[\"https:\\\/\\\/freerohingyacoalition.org\\\/en\\\/icc-pre-trial-chamber-i-rules-that-the-court-may-exercise-jurisdiction-over-the-alleged-deportation-of-the-rohingya-people-from-myanmar-to-bangladesh\\\/#respond\"]}]},{\"@type\":\"WebPage\",\"@id\":\"https:\\\/\\\/freerohingyacoalition.org\\\/en\\\/icc-pre-trial-chamber-i-rules-that-the-court-may-exercise-jurisdiction-over-the-alleged-deportation-of-the-rohingya-people-from-myanmar-to-bangladesh\\\/\",\"url\":\"https:\\\/\\\/freerohingyacoalition.org\\\/en\\\/icc-pre-trial-chamber-i-rules-that-the-court-may-exercise-jurisdiction-over-the-alleged-deportation-of-the-rohingya-people-from-myanmar-to-bangladesh\\\/\",\"name\":\"ICC Pre-Trial Chamber I rules that the Court may exercise jurisdiction over the alleged deportation of the Rohingya people from Myanmar to Bangladesh - Free Rohingya Coalition (FRC)\",\"isPartOf\":{\"@id\":\"https:\\\/\\\/freerohingyacoalition.org\\\/en\\\/#website\"},\"primaryImageOfPage\":{\"@id\":\"https:\\\/\\\/freerohingyacoalition.org\\\/en\\\/icc-pre-trial-chamber-i-rules-that-the-court-may-exercise-jurisdiction-over-the-alleged-deportation-of-the-rohingya-people-from-myanmar-to-bangladesh\\\/#primaryimage\"},\"image\":{\"@id\":\"https:\\\/\\\/freerohingyacoalition.org\\\/en\\\/icc-pre-trial-chamber-i-rules-that-the-court-may-exercise-jurisdiction-over-the-alleged-deportation-of-the-rohingya-people-from-myanmar-to-bangladesh\\\/#primaryimage\"},\"thumbnailUrl\":\"https:\\\/\\\/freerohingyacoalition.org\\\/en\\\/wp-content\\\/uploads\\\/2018\\\/09\\\/pr1375.jpg\",\"datePublished\":\"2018-09-06T20:25:11+00:00\",\"breadcrumb\":{\"@id\":\"https:\\\/\\\/freerohingyacoalition.org\\\/en\\\/icc-pre-trial-chamber-i-rules-that-the-court-may-exercise-jurisdiction-over-the-alleged-deportation-of-the-rohingya-people-from-myanmar-to-bangladesh\\\/#breadcrumb\"},\"inLanguage\":\"en-US\",\"potentialAction\":[{\"@type\":\"ReadAction\",\"target\":[\"https:\\\/\\\/freerohingyacoalition.org\\\/en\\\/icc-pre-trial-chamber-i-rules-that-the-court-may-exercise-jurisdiction-over-the-alleged-deportation-of-the-rohingya-people-from-myanmar-to-bangladesh\\\/\"]}]},{\"@type\":\"ImageObject\",\"inLanguage\":\"en-US\",\"@id\":\"https:\\\/\\\/freerohingyacoalition.org\\\/en\\\/icc-pre-trial-chamber-i-rules-that-the-court-may-exercise-jurisdiction-over-the-alleged-deportation-of-the-rohingya-people-from-myanmar-to-bangladesh\\\/#primaryimage\",\"url\":\"https:\\\/\\\/freerohingyacoalition.org\\\/en\\\/wp-content\\\/uploads\\\/2018\\\/09\\\/pr1375.jpg\",\"contentUrl\":\"https:\\\/\\\/freerohingyacoalition.org\\\/en\\\/wp-content\\\/uploads\\\/2018\\\/09\\\/pr1375.jpg\",\"width\":960,\"height\":489},{\"@type\":\"BreadcrumbList\",\"@id\":\"https:\\\/\\\/freerohingyacoalition.org\\\/en\\\/icc-pre-trial-chamber-i-rules-that-the-court-may-exercise-jurisdiction-over-the-alleged-deportation-of-the-rohingya-people-from-myanmar-to-bangladesh\\\/#breadcrumb\",\"itemListElement\":[{\"@type\":\"ListItem\",\"position\":1,\"name\":\"Home\",\"item\":\"https:\\\/\\\/freerohingyacoalition.org\\\/en\\\/\"},{\"@type\":\"ListItem\",\"position\":2,\"name\":\"ICC Pre-Trial Chamber I rules that the Court may exercise jurisdiction over the alleged deportation of the Rohingya people from Myanmar to Bangladesh\"}]},{\"@type\":\"WebSite\",\"@id\":\"https:\\\/\\\/freerohingyacoalition.org\\\/en\\\/#website\",\"url\":\"https:\\\/\\\/freerohingyacoalition.org\\\/en\\\/\",\"name\":\"Free Rohingya Coalition (FRC)\",\"description\":\"Free Rohingya Coalition (FRC) is an umbrella network of Rohingya refugees, their leading spokespersons, and international friends working together to end Myanmar genocide and build a viable future for the survivors of state-directed persecution.\",\"publisher\":{\"@id\":\"https:\\\/\\\/freerohingyacoalition.org\\\/en\\\/#organization\"},\"potentialAction\":[{\"@type\":\"SearchAction\",\"target\":{\"@type\":\"EntryPoint\",\"urlTemplate\":\"https:\\\/\\\/freerohingyacoalition.org\\\/en\\\/?s={search_term_string}\"},\"query-input\":{\"@type\":\"PropertyValueSpecification\",\"valueRequired\":true,\"valueName\":\"search_term_string\"}}],\"inLanguage\":\"en-US\"},{\"@type\":\"Organization\",\"@id\":\"https:\\\/\\\/freerohingyacoalition.org\\\/en\\\/#organization\",\"name\":\"Free Rohingya Coalition\",\"url\":\"https:\\\/\\\/freerohingyacoalition.org\\\/en\\\/\",\"logo\":{\"@type\":\"ImageObject\",\"inLanguage\":\"en-US\",\"@id\":\"https:\\\/\\\/freerohingyacoalition.org\\\/en\\\/#\\\/schema\\\/logo\\\/image\\\/\",\"url\":\"https:\\\/\\\/freerohingyacoalition.org\\\/en\\\/wp-content\\\/uploads\\\/2020\\\/06\\\/FRC-Logo-1024.png\",\"contentUrl\":\"https:\\\/\\\/freerohingyacoalition.org\\\/en\\\/wp-content\\\/uploads\\\/2020\\\/06\\\/FRC-Logo-1024.png\",\"width\":1024,\"height\":1024,\"caption\":\"Free Rohingya Coalition\"},\"image\":{\"@id\":\"https:\\\/\\\/freerohingyacoalition.org\\\/en\\\/#\\\/schema\\\/logo\\\/image\\\/\"},\"sameAs\":[\"https:\\\/\\\/facebook.com\\\/FreeRohingyaCoalition\",\"https:\\\/\\\/x.com\\\/FreeRoCoalition\",\"https:\\\/\\\/instagram.com\\\/FreeRohingyaCoalition\",\"https:\\\/\\\/www.linkedin.com\\\/company\\\/FreeRohingyaCoalition\",\"https:\\\/\\\/www.youtube.com\\\/channel\\\/UCS5aiihsQegOXNu6G8dr56A\"]},{\"@type\":\"Person\",\"@id\":\"https:\\\/\\\/freerohingyacoalition.org\\\/en\\\/#\\\/schema\\\/person\\\/c26c6c7033bd12469197f642cac8f265\",\"name\":\"FRC Webmaster\",\"image\":{\"@type\":\"ImageObject\",\"inLanguage\":\"en-US\",\"@id\":\"https:\\\/\\\/secure.gravatar.com\\\/avatar\\\/b5a4db188320f07432b694b63ed460f5fbff6507b7fe51dc64a377bb0335c8d5?s=96&d=mm&r=g\",\"url\":\"https:\\\/\\\/secure.gravatar.com\\\/avatar\\\/b5a4db188320f07432b694b63ed460f5fbff6507b7fe51dc64a377bb0335c8d5?s=96&d=mm&r=g\",\"contentUrl\":\"https:\\\/\\\/secure.gravatar.com\\\/avatar\\\/b5a4db188320f07432b694b63ed460f5fbff6507b7fe51dc64a377bb0335c8d5?s=96&d=mm&r=g\",\"caption\":\"FRC Webmaster\"},\"url\":\"https:\\\/\\\/freerohingyacoalition.org\\\/en\\\/author\\\/frcadmin\\\/\"}]}<\/script>\n<!-- \/ Yoast SEO plugin. -->","yoast_head_json":{"title":"ICC Pre-Trial Chamber I rules that the Court may exercise jurisdiction over the alleged deportation of the Rohingya people from Myanmar to Bangladesh - Free Rohingya Coalition (FRC)","robots":{"index":"index","follow":"follow","max-snippet":"max-snippet:-1","max-image-preview":"max-image-preview:large","max-video-preview":"max-video-preview:-1"},"canonical":"https:\/\/freerohingyacoalition.org\/en\/icc-pre-trial-chamber-i-rules-that-the-court-may-exercise-jurisdiction-over-the-alleged-deportation-of-the-rohingya-people-from-myanmar-to-bangladesh\/","og_locale":"en_US","og_type":"article","og_title":"ICC Pre-Trial Chamber I rules that the Court may exercise jurisdiction over the alleged deportation of the Rohingya people from Myanmar to Bangladesh - Free Rohingya Coalition (FRC)","og_description":"Published by International Criminal Court on September 6, 2018 Today, 6 September 2018, Pre-Trial Chamber I (the &#8220;Chamber&#8221;) of the International Criminal Court (&#8220;ICC&#8221; or the &#8220;Court&#8221;), composed of Judge continue reading","og_url":"https:\/\/freerohingyacoalition.org\/en\/icc-pre-trial-chamber-i-rules-that-the-court-may-exercise-jurisdiction-over-the-alleged-deportation-of-the-rohingya-people-from-myanmar-to-bangladesh\/","og_site_name":"Free Rohingya Coalition (FRC)","article_publisher":"https:\/\/facebook.com\/FreeRohingyaCoalition","article_published_time":"2018-09-06T20:25:11+00:00","og_image":[{"width":960,"height":489,"url":"https:\/\/freerohingyacoalition.org\/en\/wp-content\/uploads\/2018\/09\/pr1375.jpg","type":"image\/jpeg"}],"author":"FRC Webmaster","twitter_card":"summary_large_image","twitter_creator":"@FreeRoCoalition","twitter_site":"@FreeRoCoalition","twitter_misc":{"Written by":"FRC Webmaster","Est. reading time":"3 minutes"},"schema":{"@context":"https:\/\/schema.org","@graph":[{"@type":"Article","@id":"https:\/\/freerohingyacoalition.org\/en\/icc-pre-trial-chamber-i-rules-that-the-court-may-exercise-jurisdiction-over-the-alleged-deportation-of-the-rohingya-people-from-myanmar-to-bangladesh\/#article","isPartOf":{"@id":"https:\/\/freerohingyacoalition.org\/en\/icc-pre-trial-chamber-i-rules-that-the-court-may-exercise-jurisdiction-over-the-alleged-deportation-of-the-rohingya-people-from-myanmar-to-bangladesh\/"},"author":{"name":"FRC Webmaster","@id":"https:\/\/freerohingyacoalition.org\/en\/#\/schema\/person\/c26c6c7033bd12469197f642cac8f265"},"headline":"ICC Pre-Trial Chamber I rules that the Court may exercise jurisdiction over the alleged deportation of the Rohingya people from Myanmar to Bangladesh","datePublished":"2018-09-06T20:25:11+00:00","mainEntityOfPage":{"@id":"https:\/\/freerohingyacoalition.org\/en\/icc-pre-trial-chamber-i-rules-that-the-court-may-exercise-jurisdiction-over-the-alleged-deportation-of-the-rohingya-people-from-myanmar-to-bangladesh\/"},"wordCount":660,"commentCount":0,"publisher":{"@id":"https:\/\/freerohingyacoalition.org\/en\/#organization"},"image":{"@id":"https:\/\/freerohingyacoalition.org\/en\/icc-pre-trial-chamber-i-rules-that-the-court-may-exercise-jurisdiction-over-the-alleged-deportation-of-the-rohingya-people-from-myanmar-to-bangladesh\/#primaryimage"},"thumbnailUrl":"https:\/\/freerohingyacoalition.org\/en\/wp-content\/uploads\/2018\/09\/pr1375.jpg","inLanguage":"en-US","potentialAction":[{"@type":"CommentAction","name":"Comment","target":["https:\/\/freerohingyacoalition.org\/en\/icc-pre-trial-chamber-i-rules-that-the-court-may-exercise-jurisdiction-over-the-alleged-deportation-of-the-rohingya-people-from-myanmar-to-bangladesh\/#respond"]}]},{"@type":"WebPage","@id":"https:\/\/freerohingyacoalition.org\/en\/icc-pre-trial-chamber-i-rules-that-the-court-may-exercise-jurisdiction-over-the-alleged-deportation-of-the-rohingya-people-from-myanmar-to-bangladesh\/","url":"https:\/\/freerohingyacoalition.org\/en\/icc-pre-trial-chamber-i-rules-that-the-court-may-exercise-jurisdiction-over-the-alleged-deportation-of-the-rohingya-people-from-myanmar-to-bangladesh\/","name":"ICC Pre-Trial Chamber I rules that the Court may exercise jurisdiction over the alleged deportation of the Rohingya people from Myanmar to Bangladesh - Free Rohingya Coalition (FRC)","isPartOf":{"@id":"https:\/\/freerohingyacoalition.org\/en\/#website"},"primaryImageOfPage":{"@id":"https:\/\/freerohingyacoalition.org\/en\/icc-pre-trial-chamber-i-rules-that-the-court-may-exercise-jurisdiction-over-the-alleged-deportation-of-the-rohingya-people-from-myanmar-to-bangladesh\/#primaryimage"},"image":{"@id":"https:\/\/freerohingyacoalition.org\/en\/icc-pre-trial-chamber-i-rules-that-the-court-may-exercise-jurisdiction-over-the-alleged-deportation-of-the-rohingya-people-from-myanmar-to-bangladesh\/#primaryimage"},"thumbnailUrl":"https:\/\/freerohingyacoalition.org\/en\/wp-content\/uploads\/2018\/09\/pr1375.jpg","datePublished":"2018-09-06T20:25:11+00:00","breadcrumb":{"@id":"https:\/\/freerohingyacoalition.org\/en\/icc-pre-trial-chamber-i-rules-that-the-court-may-exercise-jurisdiction-over-the-alleged-deportation-of-the-rohingya-people-from-myanmar-to-bangladesh\/#breadcrumb"},"inLanguage":"en-US","potentialAction":[{"@type":"ReadAction","target":["https:\/\/freerohingyacoalition.org\/en\/icc-pre-trial-chamber-i-rules-that-the-court-may-exercise-jurisdiction-over-the-alleged-deportation-of-the-rohingya-people-from-myanmar-to-bangladesh\/"]}]},{"@type":"ImageObject","inLanguage":"en-US","@id":"https:\/\/freerohingyacoalition.org\/en\/icc-pre-trial-chamber-i-rules-that-the-court-may-exercise-jurisdiction-over-the-alleged-deportation-of-the-rohingya-people-from-myanmar-to-bangladesh\/#primaryimage","url":"https:\/\/freerohingyacoalition.org\/en\/wp-content\/uploads\/2018\/09\/pr1375.jpg","contentUrl":"https:\/\/freerohingyacoalition.org\/en\/wp-content\/uploads\/2018\/09\/pr1375.jpg","width":960,"height":489},{"@type":"BreadcrumbList","@id":"https:\/\/freerohingyacoalition.org\/en\/icc-pre-trial-chamber-i-rules-that-the-court-may-exercise-jurisdiction-over-the-alleged-deportation-of-the-rohingya-people-from-myanmar-to-bangladesh\/#breadcrumb","itemListElement":[{"@type":"ListItem","position":1,"name":"Home","item":"https:\/\/freerohingyacoalition.org\/en\/"},{"@type":"ListItem","position":2,"name":"ICC Pre-Trial Chamber I rules that the Court may exercise jurisdiction over the alleged deportation of the Rohingya people from Myanmar to Bangladesh"}]},{"@type":"WebSite","@id":"https:\/\/freerohingyacoalition.org\/en\/#website","url":"https:\/\/freerohingyacoalition.org\/en\/","name":"Free Rohingya Coalition (FRC)","description":"Free Rohingya Coalition (FRC) is an umbrella network of Rohingya refugees, their leading spokespersons, and international friends working together to end Myanmar genocide and build a viable future for the survivors of state-directed persecution.","publisher":{"@id":"https:\/\/freerohingyacoalition.org\/en\/#organization"},"potentialAction":[{"@type":"SearchAction","target":{"@type":"EntryPoint","urlTemplate":"https:\/\/freerohingyacoalition.org\/en\/?s={search_term_string}"},"query-input":{"@type":"PropertyValueSpecification","valueRequired":true,"valueName":"search_term_string"}}],"inLanguage":"en-US"},{"@type":"Organization","@id":"https:\/\/freerohingyacoalition.org\/en\/#organization","name":"Free Rohingya Coalition","url":"https:\/\/freerohingyacoalition.org\/en\/","logo":{"@type":"ImageObject","inLanguage":"en-US","@id":"https:\/\/freerohingyacoalition.org\/en\/#\/schema\/logo\/image\/","url":"https:\/\/freerohingyacoalition.org\/en\/wp-content\/uploads\/2020\/06\/FRC-Logo-1024.png","contentUrl":"https:\/\/freerohingyacoalition.org\/en\/wp-content\/uploads\/2020\/06\/FRC-Logo-1024.png","width":1024,"height":1024,"caption":"Free Rohingya Coalition"},"image":{"@id":"https:\/\/freerohingyacoalition.org\/en\/#\/schema\/logo\/image\/"},"sameAs":["https:\/\/facebook.com\/FreeRohingyaCoalition","https:\/\/x.com\/FreeRoCoalition","https:\/\/instagram.com\/FreeRohingyaCoalition","https:\/\/www.linkedin.com\/company\/FreeRohingyaCoalition","https:\/\/www.youtube.com\/channel\/UCS5aiihsQegOXNu6G8dr56A"]},{"@type":"Person","@id":"https:\/\/freerohingyacoalition.org\/en\/#\/schema\/person\/c26c6c7033bd12469197f642cac8f265","name":"FRC Webmaster","image":{"@type":"ImageObject","inLanguage":"en-US","@id":"https:\/\/secure.gravatar.com\/avatar\/b5a4db188320f07432b694b63ed460f5fbff6507b7fe51dc64a377bb0335c8d5?s=96&d=mm&r=g","url":"https:\/\/secure.gravatar.com\/avatar\/b5a4db188320f07432b694b63ed460f5fbff6507b7fe51dc64a377bb0335c8d5?s=96&d=mm&r=g","contentUrl":"https:\/\/secure.gravatar.com\/avatar\/b5a4db188320f07432b694b63ed460f5fbff6507b7fe51dc64a377bb0335c8d5?s=96&d=mm&r=g","caption":"FRC Webmaster"},"url":"https:\/\/freerohingyacoalition.org\/en\/author\/frcadmin\/"}]}},"_links":{"self":[{"href":"https:\/\/freerohingyacoalition.org\/en\/wp-json\/wp\/v2\/posts\/1083","targetHints":{"allow":["GET"]}}],"collection":[{"href":"https:\/\/freerohingyacoalition.org\/en\/wp-json\/wp\/v2\/posts"}],"about":[{"href":"https:\/\/freerohingyacoalition.org\/en\/wp-json\/wp\/v2\/types\/post"}],"author":[{"embeddable":true,"href":"https:\/\/freerohingyacoalition.org\/en\/wp-json\/wp\/v2\/users\/1"}],"replies":[{"embeddable":true,"href":"https:\/\/freerohingyacoalition.org\/en\/wp-json\/wp\/v2\/comments?post=1083"}],"version-history":[{"count":1,"href":"https:\/\/freerohingyacoalition.org\/en\/wp-json\/wp\/v2\/posts\/1083\/revisions"}],"predecessor-version":[{"id":1085,"href":"https:\/\/freerohingyacoalition.org\/en\/wp-json\/wp\/v2\/posts\/1083\/revisions\/1085"}],"wp:featuredmedia":[{"embeddable":true,"href":"https:\/\/freerohingyacoalition.org\/en\/wp-json\/wp\/v2\/media\/1084"}],"wp:attachment":[{"href":"https:\/\/freerohingyacoalition.org\/en\/wp-json\/wp\/v2\/media?parent=1083"}],"wp:term":[{"taxonomy":"category","embeddable":true,"href":"https:\/\/freerohingyacoalition.org\/en\/wp-json\/wp\/v2\/categories?post=1083"},{"taxonomy":"post_tag","embeddable":true,"href":"https:\/\/freerohingyacoalition.org\/en\/wp-json\/wp\/v2\/tags?post=1083"}],"curies":[{"name":"wp","href":"https:\/\/api.w.org\/{rel}","templated":true}]}}